{"id":2388,"date":"2013-09-12T22:06:39","date_gmt":"2013-09-12T21:06:39","guid":{"rendered":"http:\/\/www.atlanticharpduo.com\/fr\/?p=2388"},"modified":"2015-11-10T22:08:29","modified_gmt":"2015-11-10T21:08:29","slug":"notre-prochain-cd-sort-bientot","status":"publish","type":"post","link":"https:\/\/atlanticharpduo.com\/fr\/2013\/09\/notre-prochain-cd-sort-bientot\/","title":{"rendered":"Notre prochain CD sort bient\u00f4t"},"content":{"rendered":"<p><img loading=\"lazy\" class=\"size-medium wp-image-1355 alignleft\" alt=\"cover-spanish-cd\" src=\"http:\/\/www.atlanticharpduo.com\/wp-content\/uploads\/2015\/11\/Rhythms-of-Spain-cover.png\" width=\"300\" height=\"300\" \/><\/p>\n<p>Certains d\u2019entre-vous savent peut-\u00eatre que notre second disque est en pr\u00e9paration. Sa naissance est tellement proche, que nous ne r\u00e9sistons pas \u00e0 l\u2019envie de l\u2019annoncer. Nous en entamons la post-production, et il reste seulement quelques mois avant son lancement.<\/p>\n<p>D\u2019un point de vue stylistique, ce nouvel album tranche avec le premier. Apr\u00e8s notre immersion dans les salons du 19\u00e8me si\u00e8cle fran\u00e7ais, et notre d\u00e9sir d\u2019observer le monde \u00e0 travers le regard de Chopin, nous avons marqu\u00e9 un temps d\u2019arr\u00eat pour demander quelle direction nous souhaitions prendre. Notre propre r\u00e9pertoire nous a prodigu\u00e9 la r\u00e9ponse \u00e0 cette question, en particulier un cahier de trois pi\u00e8ces d\u2019Enrique Granados. Nous avons r\u00e9alis\u00e9 que l\u2019interpr\u00e9tation publique de ces danses \u00e9tait toujours pour nous un moment fort de nos concerts. Nous les avions bien en doigts, le public semblaient les appr\u00e9cier, et surtout elles nous enthousiasmaient. La musique espagnole est si gratifiante \u00e0 jouer\u2014Elle est passionn\u00e9e et expressive, sensuelle et rythm\u00e9e. Il nous a sembl\u00e9 naturel d\u2019explorer plus avant ce genre. Lorsque nous avons eu vent d\u2019une transcription pour deux harpes d\u2019Alborada del Garcioso de Ravel, nous savions qu\u2019il nous fallait la d\u00e9nicher \u00e0 tout prix. Puis, Marta a d\u00e9couvert une merveilleuse suite de sc\u00e8nes espagnoles pour piano, compos\u00e9es par Manuel de Falla, et que nous avons transcrites nous-m\u00eames. Notre programme s\u2019est ainsi construit petit \u00e0 petit.<\/p>\n<p>En octobre dernier, nous avons rassembl\u00e9 tout ce que nous avions r\u00e9colt\u00e9, et avons pris la route vers un nouveau petit studio d\u2019enregistrement en Bretagne. Ce fut une aventure en soi, laquelle a commenc\u00e9 par la location d\u2019un imposant v\u00e9hicule utilitaire (\u00e0 transmission manuelle!), qui nous attendait \u00e0 Nantes. Marta a conduit vaillamment ce monstre\u2014guid\u00e9e par Elizabeth\u2014vers l\u2019usine Camac \u00e0 Mouzeil. Nous y avons retrouv\u00e9 Jakez Fran\u00e7ois et \u00c9ric Piron, qui ont g\u00e9n\u00e9reusement accept\u00e9 de nous pr\u00eater deux harpes pour notre enregistrement. Nous avons pu choisir parmi une belle s\u00e9lection d\u2019instruments, et avons m\u00eame eu droit \u00e0 une visite de l\u2019usine.<\/p>\n<p>Tandis qu\u2019il pleuvait gentiment \u00e0 l\u2019ext\u00e9rieur, nous avons pass\u00e9 chaque minute de ces sept jours \u00e0 l\u2019int\u00e9rieur du studio\u2014\u00e0 jouer, accorder, \u00e9couter, accorder \u00e0 nouveau, et jouer encore. Ce lieu de travail fut beau et confortable, calme et isol\u00e9, et dot\u00e9 d\u2019un mat\u00e9riel de premier ordre.<\/p>\n<p>Apr\u00e8s cette intense session d\u2019enregistrement, le montage a paru interminable. Elle est bien longue, la transformation des prises brut en un produit abouti. Ce travail implique de laisser passer un certain temps entre les sessions, afin de pouvoir juger du r\u00e9sultat avec des oreilles neuves. Notre album prend peu \u00e0 peu une allure que nous avons h\u00e2te de vous faire d\u00e9couvrir. Suivez ici le d\u00e9nouement de  cette nouvelle aventure.<\/p>\n","protected":false},"excerpt":{"rendered":"<p>Certains d\u2019entre-vous savent peut-\u00eatre que notre second disque est en pr\u00e9paration. Sa naissance est tellement proche, que nous ne r\u00e9sistons pas \u00e0 l\u2019envie de l\u2019annoncer. Nous en entamons la post-production, et il reste seulement quelques mois avant son lancement. D\u2019un point de vue stylistique, ce nouvel album tranche avec le premier. Apr\u00e8s notre immersion dans [&hellip;]<\/p>\n","protected":false},"author":2,"featured_media":2425,"comment_status":"closed","ping_status":"open","sticky":false,"template":"","format":"standard","meta":[],"categories":[66],"tags":[],"_links":{"self":[{"href":"https:\/\/atlanticharpduo.com\/fr\/wp-json\/wp\/v2\/posts\/2388"}],"collection":[{"href":"https:\/\/atlanticharpduo.com\/fr\/wp-json\/wp\/v2\/posts"}],"about":[{"href":"https:\/\/atlanticharpduo.com\/fr\/wp-json\/wp\/v2\/types\/post"}],"author":[{"embeddable":true,"href":"https:\/\/atlanticharpduo.com\/fr\/wp-json\/wp\/v2\/users\/2"}],"replies":[{"embeddable":true,"href":"https:\/\/atlanticharpduo.com\/fr\/wp-json\/wp\/v2\/comments?post=2388"}],"version-history":[{"count":2,"href":"https:\/\/atlanticharpduo.com\/fr\/wp-json\/wp\/v2\/posts\/2388\/revisions"}],"predecessor-version":[{"id":2428,"href":"https:\/\/atlanticharpduo.com\/fr\/wp-json\/wp\/v2\/posts\/2388\/revisions\/2428"}],"wp:featuredmedia":[{"embeddable":true,"href":"https:\/\/atlanticharpduo.com\/fr\/wp-json\/wp\/v2\/media\/2425"}],"wp:attachment":[{"href":"https:\/\/atlanticharpduo.com\/fr\/wp-json\/wp\/v2\/media?parent=2388"}],"wp:term":[{"taxonomy":"category","embeddable":true,"href":"https:\/\/atlanticharpduo.com\/fr\/wp-json\/wp\/v2\/categories?post=2388"},{"taxonomy":"post_tag","embeddable":true,"href":"https:\/\/atlanticharpduo.com\/fr\/wp-json\/wp\/v2\/tags?post=2388"}],"curies":[{"name":"wp","href":"https:\/\/api.w.org\/{rel}","templated":true}]}}